{"id":851,"date":"2015-05-04T12:55:31","date_gmt":"2015-05-04T12:55:31","guid":{"rendered":"http:\/\/www.dreyer-weine.de\/site\/?p=851"},"modified":"2015-05-26T17:44:36","modified_gmt":"2015-05-26T17:44:36","slug":"ametlla-1-blau","status":"publish","type":"post","link":"https:\/\/www.dreyer-weine.de\/site\/media\/ametlla-1-blau\/","title":{"rendered":"Ametlla+ 1 &#8211; Blau"},"content":{"rendered":"<p>Das blaue Ametlla+ 1 ist eine Mischung aus Mandeln, Petersilie, Knoblauch, Oregano, Zitronenschale, Ingwer, Safran und Salz. Es passt hervorragend zu Pasta und Fisch. Oder machen Sie doch pochiertes Ei oder eine Foccacia. Schauen Sie sich das Produktvideo an und lassen Sie sich inspirieren.<\/p>\n<p>Gourmetprodukte sind Trend. Viele Menschen haben jedoch kaum Zeit aufwendig zu Kochen, w\u00fcnschen sich aber dennoch Qualit\u00e4t und Geschmack. Ametlla+ Gew\u00fcrzmischungen bestehen zu 80% aus Mandeln und zu 20% aus Lebensmitteln und Gew\u00fcrzen in Granulatform.<\/p>\n<p>Neben den Produkten einer Kooperative in Binissalem, werden nur Produkte der Insel Mallorca verwendet; nachweisbar ist ein hoher Proteingehalt, Eisen, Magnesium, Kalzium, sowie Ballaststoffe. Die Ametlla-Videos demonstrieren die Vielseitigkeit der Anwendungsm\u00f6glichkeiten von Ametlla+. Es hilft unbegabten Amateuren zu ambitionierter Kochkunst und erspart Profi-K\u00f6chen schon mal den halben Weg.<\/p>\n","protected":false},"excerpt":{"rendered":"<p>Das blaue Ametlla+ 1 ist eine Mischung aus Mandeln, Petersilie, Knoblauch, Oregano, Zitronenschale, Ingwer, Safran und Salz. Es passt hervorragend zu Pasta und Fisch. Oder machen Sie doch pochiertes Ei oder eine Foccacia. Schauen Sie sich das Produktvideo an und lassen Sie sich inspirieren. Gourmetprodukte sind Trend. Viele Menschen haben jedoch kaum Zeit aufwendig zu<\/p>\n","protected":false},"author":2,"featured_media":0,"comment_status":"closed","ping_status":"open","sticky":false,"template":"","format":"video","meta":[],"categories":[7],"tags":[],"yoast_head":"<!-- This site is optimized with the Yoast SEO plugin v18.4.1 - https:\/\/yoast.com\/wordpress\/plugins\/seo\/ -->\n<title>Ametlla+ 1 - Blau - 3er - Exklusive spanische Weine und Tapas<\/title>\n<meta name=\"robots\" content=\"index, follow, max-snippet:-1, max-image-preview:large, max-video-preview:-1\" \/>\n<link rel=\"canonical\" href=\"https:\/\/www.dreyer-weine.de\/site\/media\/ametlla-1-blau\/\" \/>\n<meta property=\"og:locale\" content=\"de_DE\" \/>\n<meta property=\"og:type\" content=\"article\" \/>\n<meta property=\"og:title\" content=\"Ametlla+ 1 - Blau - 3er - Exklusive spanische Weine und Tapas\" \/>\n<meta property=\"og:description\" content=\"Das blaue Ametlla+ 1 ist eine Mischung aus Mandeln, Petersilie, Knoblauch, Oregano, Zitronenschale, Ingwer, Safran und Salz. Es passt hervorragend zu Pasta und Fisch. Oder machen Sie doch pochiertes Ei oder eine Foccacia. Schauen Sie sich das Produktvideo an und lassen Sie sich inspirieren. Gourmetprodukte sind Trend. Viele Menschen haben jedoch kaum Zeit aufwendig zu\" \/>\n<meta property=\"og:url\" content=\"https:\/\/www.dreyer-weine.de\/site\/media\/ametlla-1-blau\/\" \/>\n<meta property=\"og:site_name\" content=\"3er - Exklusive spanische Weine und Tapas\" \/>\n<meta property=\"article:published_time\" content=\"2015-05-04T12:55:31+00:00\" \/>\n<meta property=\"article:modified_time\" content=\"2015-05-26T17:44:36+00:00\" \/>\n<meta name=\"twitter:card\" content=\"summary_large_image\" \/>\n<meta name=\"twitter:label1\" content=\"Verfasst von\" \/>\n\t<meta name=\"twitter:data1\" content=\"Nora Winter\" \/>\n\t<meta name=\"twitter:label2\" content=\"Gesch\u00e4tzte Lesezeit\" \/>\n\t<meta name=\"twitter:data2\" content=\"1 Minute\" \/>\n<script type=\"application\/ld+json\" class=\"yoast-schema-graph\">{\"@context\":\"https:\/\/schema.org\",\"@graph\":[{\"@type\":\"WebSite\",\"@id\":\"https:\/\/www.dreyer-weine.de\/site\/#website\",\"url\":\"https:\/\/www.dreyer-weine.de\/site\/\",\"name\":\"3er - Exklusive spanische Weine und Tapas\",\"description\":\"Willkommen bei Dreyer Weine - ein Zuhause f\u00fcr den guten Geschmack, einzigartig in dieser Kombination.\",\"potentialAction\":[{\"@type\":\"SearchAction\",\"target\":{\"@type\":\"EntryPoint\",\"urlTemplate\":\"https:\/\/www.dreyer-weine.de\/site\/?s={search_term_string}\"},\"query-input\":\"required name=search_term_string\"}],\"inLanguage\":\"de-DE\"},{\"@type\":\"WebPage\",\"@id\":\"https:\/\/www.dreyer-weine.de\/site\/media\/ametlla-1-blau\/#webpage\",\"url\":\"https:\/\/www.dreyer-weine.de\/site\/media\/ametlla-1-blau\/\",\"name\":\"Ametlla+ 1 - Blau - 3er - Exklusive spanische Weine und Tapas\",\"isPartOf\":{\"@id\":\"https:\/\/www.dreyer-weine.de\/site\/#website\"},\"datePublished\":\"2015-05-04T12:55:31+00:00\",\"dateModified\":\"2015-05-26T17:44:36+00:00\",\"author\":{\"@id\":\"https:\/\/www.dreyer-weine.de\/site\/#\/schema\/person\/16bd58ec374610c4512d64b0e404ed8e\"},\"breadcrumb\":{\"@id\":\"https:\/\/www.dreyer-weine.de\/site\/media\/ametlla-1-blau\/#breadcrumb\"},\"inLanguage\":\"de-DE\",\"potentialAction\":[{\"@type\":\"ReadAction\",\"target\":[\"https:\/\/www.dreyer-weine.de\/site\/media\/ametlla-1-blau\/\"]}]},{\"@type\":\"BreadcrumbList\",\"@id\":\"https:\/\/www.dreyer-weine.de\/site\/media\/ametlla-1-blau\/#breadcrumb\",\"itemListElement\":[{\"@type\":\"ListItem\",\"position\":1,\"name\":\"Home\",\"item\":\"https:\/\/www.dreyer-weine.de\/site\/\"},{\"@type\":\"ListItem\",\"position\":2,\"name\":\"Ametlla+ 1 &#8211; Blau\"}]},{\"@type\":\"Person\",\"@id\":\"https:\/\/www.dreyer-weine.de\/site\/#\/schema\/person\/16bd58ec374610c4512d64b0e404ed8e\",\"name\":\"Nora Winter\",\"image\":{\"@type\":\"ImageObject\",\"@id\":\"https:\/\/www.dreyer-weine.de\/site\/#personlogo\",\"inLanguage\":\"de-DE\",\"url\":\"https:\/\/secure.gravatar.com\/avatar\/ea7628cac6026c92b8e3090e6d9892f2?s=96&d=mm&r=g\",\"contentUrl\":\"https:\/\/secure.gravatar.com\/avatar\/ea7628cac6026c92b8e3090e6d9892f2?s=96&d=mm&r=g\",\"caption\":\"Nora Winter\"},\"url\":\"https:\/\/www.dreyer-weine.de\/site\/author\/n-winter\/\"}]}<\/script>\n<!-- \/ Yoast SEO plugin. -->","yoast_head_json":{"title":"Ametlla+ 1 - Blau - 3er - Exklusive spanische Weine und Tapas","robots":{"index":"index","follow":"follow","max-snippet":"max-snippet:-1","max-image-preview":"max-image-preview:large","max-video-preview":"max-video-preview:-1"},"canonical":"https:\/\/www.dreyer-weine.de\/site\/media\/ametlla-1-blau\/","og_locale":"de_DE","og_type":"article","og_title":"Ametlla+ 1 - Blau - 3er - Exklusive spanische Weine und Tapas","og_description":"Das blaue Ametlla+ 1 ist eine Mischung aus Mandeln, Petersilie, Knoblauch, Oregano, Zitronenschale, Ingwer, Safran und Salz. Es passt hervorragend zu Pasta und Fisch. Oder machen Sie doch pochiertes Ei oder eine Foccacia. Schauen Sie sich das Produktvideo an und lassen Sie sich inspirieren. Gourmetprodukte sind Trend. Viele Menschen haben jedoch kaum Zeit aufwendig zu","og_url":"https:\/\/www.dreyer-weine.de\/site\/media\/ametlla-1-blau\/","og_site_name":"3er - Exklusive spanische Weine und Tapas","article_published_time":"2015-05-04T12:55:31+00:00","article_modified_time":"2015-05-26T17:44:36+00:00","twitter_card":"summary_large_image","twitter_misc":{"Verfasst von":"Nora Winter","Gesch\u00e4tzte Lesezeit":"1 Minute"},"schema":{"@context":"https:\/\/schema.org","@graph":[{"@type":"WebSite","@id":"https:\/\/www.dreyer-weine.de\/site\/#website","url":"https:\/\/www.dreyer-weine.de\/site\/","name":"3er - Exklusive spanische Weine und Tapas","description":"Willkommen bei Dreyer Weine - ein Zuhause f\u00fcr den guten Geschmack, einzigartig in dieser Kombination.","potentialAction":[{"@type":"SearchAction","target":{"@type":"EntryPoint","urlTemplate":"https:\/\/www.dreyer-weine.de\/site\/?s={search_term_string}"},"query-input":"required name=search_term_string"}],"inLanguage":"de-DE"},{"@type":"WebPage","@id":"https:\/\/www.dreyer-weine.de\/site\/media\/ametlla-1-blau\/#webpage","url":"https:\/\/www.dreyer-weine.de\/site\/media\/ametlla-1-blau\/","name":"Ametlla+ 1 - Blau - 3er - Exklusive spanische Weine und Tapas","isPartOf":{"@id":"https:\/\/www.dreyer-weine.de\/site\/#website"},"datePublished":"2015-05-04T12:55:31+00:00","dateModified":"2015-05-26T17:44:36+00:00","author":{"@id":"https:\/\/www.dreyer-weine.de\/site\/#\/schema\/person\/16bd58ec374610c4512d64b0e404ed8e"},"breadcrumb":{"@id":"https:\/\/www.dreyer-weine.de\/site\/media\/ametlla-1-blau\/#breadcrumb"},"inLanguage":"de-DE","potentialAction":[{"@type":"ReadAction","target":["https:\/\/www.dreyer-weine.de\/site\/media\/ametlla-1-blau\/"]}]},{"@type":"BreadcrumbList","@id":"https:\/\/www.dreyer-weine.de\/site\/media\/ametlla-1-blau\/#breadcrumb","itemListElement":[{"@type":"ListItem","position":1,"name":"Home","item":"https:\/\/www.dreyer-weine.de\/site\/"},{"@type":"ListItem","position":2,"name":"Ametlla+ 1 &#8211; Blau"}]},{"@type":"Person","@id":"https:\/\/www.dreyer-weine.de\/site\/#\/schema\/person\/16bd58ec374610c4512d64b0e404ed8e","name":"Nora Winter","image":{"@type":"ImageObject","@id":"https:\/\/www.dreyer-weine.de\/site\/#personlogo","inLanguage":"de-DE","url":"https:\/\/secure.gravatar.com\/avatar\/ea7628cac6026c92b8e3090e6d9892f2?s=96&d=mm&r=g","contentUrl":"https:\/\/secure.gravatar.com\/avatar\/ea7628cac6026c92b8e3090e6d9892f2?s=96&d=mm&r=g","caption":"Nora Winter"},"url":"https:\/\/www.dreyer-weine.de\/site\/author\/n-winter\/"}]}},"_links":{"self":[{"href":"https:\/\/www.dreyer-weine.de\/site\/wp-json\/wp\/v2\/posts\/851"}],"collection":[{"href":"https:\/\/www.dreyer-weine.de\/site\/wp-json\/wp\/v2\/posts"}],"about":[{"href":"https:\/\/www.dreyer-weine.de\/site\/wp-json\/wp\/v2\/types\/post"}],"author":[{"embeddable":true,"href":"https:\/\/www.dreyer-weine.de\/site\/wp-json\/wp\/v2\/users\/2"}],"replies":[{"embeddable":true,"href":"https:\/\/www.dreyer-weine.de\/site\/wp-json\/wp\/v2\/comments?post=851"}],"version-history":[{"count":3,"href":"https:\/\/www.dreyer-weine.de\/site\/wp-json\/wp\/v2\/posts\/851\/revisions"}],"predecessor-version":[{"id":1477,"href":"https:\/\/www.dreyer-weine.de\/site\/wp-json\/wp\/v2\/posts\/851\/revisions\/1477"}],"wp:attachment":[{"href":"https:\/\/www.dreyer-weine.de\/site\/wp-json\/wp\/v2\/media?parent=851"}],"wp:term":[{"taxonomy":"category","embeddable":true,"href":"https:\/\/www.dreyer-weine.de\/site\/wp-json\/wp\/v2\/categories?post=851"},{"taxonomy":"post_tag","embeddable":true,"href":"https:\/\/www.dreyer-weine.de\/site\/wp-json\/wp\/v2\/tags?post=851"}],"curies":[{"name":"wp","href":"https:\/\/api.w.org\/{rel}","templated":true}]}}