{"id":848,"date":"2015-05-04T12:48:34","date_gmt":"2015-05-04T12:48:34","guid":{"rendered":"http:\/\/www.dreyer-weine.de\/site\/?p=848"},"modified":"2015-07-20T10:35:11","modified_gmt":"2015-07-20T08:35:11","slug":"mandelliebe-das-ametlla-projekt","status":"publish","type":"post","link":"https:\/\/www.dreyer-weine.de\/site\/media\/mandelliebe-das-ametlla-projekt\/","title":{"rendered":"Mandelliebe &#8211; das AMETLLA-Projekt"},"content":{"rendered":"<p>Hinter dem Projekt steht ein Netzwerk von engagierten Frauen unterschiedlichsten Alters: Eine Psychologin, eine Innenarchitektin, eine Hotelbesitzerin, eine Ern\u00e4hrungsberaterin, eine Universit\u00e4tsdozentin f\u00fcr Geographie, T\u00f6chter, Schwiegert\u00f6chter und Freundinnen, verbunden durch die wunderbare Mandel. Das Produkt Ametlla+ sind zu 80% aus Mandeln bestehende Gew\u00fcrzmischungen, mit denen man &#8211; jedermann &#8211; ein simples Gericht in wenigen Handgriffen gourmetm\u00e4\u00dfig verfeinern kann.<\/p>\n<p>Die Mandel z\u00e4hlt zu den Rosengew\u00e4chsen. Sie ist gar keine Nuss, jedoch wie Aprikose, Pflaume oder Pfirsich eine Steinfrucht, mit dem Unterschied, dass ihr Fruchtmantel nicht so \u00fcppig ausf\u00e4llt und eine ledrige Schale bildet. Die Essmandel (Prunus amygdalis dulcis) verzaubert w\u00e4hrend der Mandelbl\u00fcte durch wei\u00dfe Blumen mit oft rosarotem Zentrum. Als Ursprungsregion der Mandel gilt Asien, doch sie wurde schon in der Antike erfolgreich in Europa eingef\u00fchrt. Die F\u00f6rderung von Mandelbaumkulturen in S\u00fcdspanien findet erste Erw\u00e4hnungen in Chroniken des 12. Jahrhunderts und wird den Mauren zugeschrieben. Seit Ende des 18. Jahrhunderts wird \u00fcber den Anbau von Mandelb\u00e4umen in Weinbergen berichtet.<\/p>\n<p>Heute ist die Mandel wichtiger Bestandteil mallorquinischen Geschichte. Fr\u00fcher war sie eines der wichtigsten Produkte f\u00fcr den Export. Doch nach und nach verdr\u00e4ngten g\u00fcnstigere Mandelprodukte die mallorquinischen Mandel vom Markt. Mandelbauern, mit mehr Aufwand, als Einnahmen, begannen ihre Best\u00e4nde zu vernachl\u00e4ssigen. Mit einem erfolgreichen Mandelprodukt, k\u00f6nnte die Abw\u00e4rtsspirale gebremst, die Bauern motiviert und das \u00fcppige Erlebnis der Mandelbl\u00fcte gesichert werden: AMETLLA wurde gegr\u00fcndet.<\/p>\n<p>Haben wir Sie neugierig gemacht, dann testen sie doch Ametlla+ Gew\u00fcrzmischung in unserem Shop, oder lesen Sie die Beitr\u00e4ge zu Ametlla+ 1 bis 3<\/p>\n","protected":false},"excerpt":{"rendered":"<p>Hinter dem Projekt steht ein Netzwerk von engagierten Frauen unterschiedlichsten Alters: Eine Psychologin, eine Innenarchitektin, eine Hotelbesitzerin, eine Ern\u00e4hrungsberaterin, eine Universit\u00e4tsdozentin f\u00fcr Geographie, T\u00f6chter, Schwiegert\u00f6chter und Freundinnen, verbunden durch die wunderbare Mandel. Das Produkt Ametlla+ sind zu 80% aus Mandeln bestehende Gew\u00fcrzmischungen, mit denen man &#8211; jedermann &#8211; ein simples Gericht in wenigen Handgriffen gourmetm\u00e4\u00dfig<\/p>\n","protected":false},"author":2,"featured_media":0,"comment_status":"closed","ping_status":"open","sticky":false,"template":"","format":"video","meta":[],"categories":[7],"tags":[],"yoast_head":"<!-- This site is optimized with the Yoast SEO plugin v18.4.1 - https:\/\/yoast.com\/wordpress\/plugins\/seo\/ -->\n<title>Mandelliebe - das AMETLLA-Projekt - 3er - Exklusive spanische Weine und Tapas<\/title>\n<meta name=\"robots\" content=\"index, follow, max-snippet:-1, max-image-preview:large, max-video-preview:-1\" \/>\n<link rel=\"canonical\" href=\"https:\/\/www.dreyer-weine.de\/site\/media\/mandelliebe-das-ametlla-projekt\/\" \/>\n<meta property=\"og:locale\" content=\"de_DE\" \/>\n<meta property=\"og:type\" content=\"article\" \/>\n<meta property=\"og:title\" content=\"Mandelliebe - das AMETLLA-Projekt - 3er - Exklusive spanische Weine und Tapas\" \/>\n<meta property=\"og:description\" content=\"Hinter dem Projekt steht ein Netzwerk von engagierten Frauen unterschiedlichsten Alters: Eine Psychologin, eine Innenarchitektin, eine Hotelbesitzerin, eine Ern\u00e4hrungsberaterin, eine Universit\u00e4tsdozentin f\u00fcr Geographie, T\u00f6chter, Schwiegert\u00f6chter und Freundinnen, verbunden durch die wunderbare Mandel. Das Produkt Ametlla+ sind zu 80% aus Mandeln bestehende Gew\u00fcrzmischungen, mit denen man &#8211; jedermann &#8211; ein simples Gericht in wenigen Handgriffen gourmetm\u00e4\u00dfig\" \/>\n<meta property=\"og:url\" content=\"https:\/\/www.dreyer-weine.de\/site\/media\/mandelliebe-das-ametlla-projekt\/\" \/>\n<meta property=\"og:site_name\" content=\"3er - Exklusive spanische Weine und Tapas\" \/>\n<meta property=\"article:published_time\" content=\"2015-05-04T12:48:34+00:00\" \/>\n<meta property=\"article:modified_time\" content=\"2015-07-20T08:35:11+00:00\" \/>\n<meta name=\"twitter:card\" content=\"summary_large_image\" \/>\n<meta name=\"twitter:label1\" content=\"Verfasst von\" \/>\n\t<meta name=\"twitter:data1\" content=\"Nora Winter\" \/>\n\t<meta name=\"twitter:label2\" content=\"Gesch\u00e4tzte Lesezeit\" \/>\n\t<meta name=\"twitter:data2\" content=\"1 Minute\" \/>\n<script type=\"application\/ld+json\" class=\"yoast-schema-graph\">{\"@context\":\"https:\/\/schema.org\",\"@graph\":[{\"@type\":\"WebSite\",\"@id\":\"https:\/\/www.dreyer-weine.de\/site\/#website\",\"url\":\"https:\/\/www.dreyer-weine.de\/site\/\",\"name\":\"3er - Exklusive spanische Weine und Tapas\",\"description\":\"Willkommen bei Dreyer Weine - ein Zuhause f\u00fcr den guten Geschmack, einzigartig in dieser Kombination.\",\"potentialAction\":[{\"@type\":\"SearchAction\",\"target\":{\"@type\":\"EntryPoint\",\"urlTemplate\":\"https:\/\/www.dreyer-weine.de\/site\/?s={search_term_string}\"},\"query-input\":\"required name=search_term_string\"}],\"inLanguage\":\"de-DE\"},{\"@type\":\"WebPage\",\"@id\":\"https:\/\/www.dreyer-weine.de\/site\/media\/mandelliebe-das-ametlla-projekt\/#webpage\",\"url\":\"https:\/\/www.dreyer-weine.de\/site\/media\/mandelliebe-das-ametlla-projekt\/\",\"name\":\"Mandelliebe - das AMETLLA-Projekt - 3er - Exklusive spanische Weine und Tapas\",\"isPartOf\":{\"@id\":\"https:\/\/www.dreyer-weine.de\/site\/#website\"},\"datePublished\":\"2015-05-04T12:48:34+00:00\",\"dateModified\":\"2015-07-20T08:35:11+00:00\",\"author\":{\"@id\":\"https:\/\/www.dreyer-weine.de\/site\/#\/schema\/person\/16bd58ec374610c4512d64b0e404ed8e\"},\"breadcrumb\":{\"@id\":\"https:\/\/www.dreyer-weine.de\/site\/media\/mandelliebe-das-ametlla-projekt\/#breadcrumb\"},\"inLanguage\":\"de-DE\",\"potentialAction\":[{\"@type\":\"ReadAction\",\"target\":[\"https:\/\/www.dreyer-weine.de\/site\/media\/mandelliebe-das-ametlla-projekt\/\"]}]},{\"@type\":\"BreadcrumbList\",\"@id\":\"https:\/\/www.dreyer-weine.de\/site\/media\/mandelliebe-das-ametlla-projekt\/#breadcrumb\",\"itemListElement\":[{\"@type\":\"ListItem\",\"position\":1,\"name\":\"Home\",\"item\":\"https:\/\/www.dreyer-weine.de\/site\/\"},{\"@type\":\"ListItem\",\"position\":2,\"name\":\"Mandelliebe &#8211; das AMETLLA-Projekt\"}]},{\"@type\":\"Person\",\"@id\":\"https:\/\/www.dreyer-weine.de\/site\/#\/schema\/person\/16bd58ec374610c4512d64b0e404ed8e\",\"name\":\"Nora Winter\",\"image\":{\"@type\":\"ImageObject\",\"@id\":\"https:\/\/www.dreyer-weine.de\/site\/#personlogo\",\"inLanguage\":\"de-DE\",\"url\":\"https:\/\/secure.gravatar.com\/avatar\/ea7628cac6026c92b8e3090e6d9892f2?s=96&d=mm&r=g\",\"contentUrl\":\"https:\/\/secure.gravatar.com\/avatar\/ea7628cac6026c92b8e3090e6d9892f2?s=96&d=mm&r=g\",\"caption\":\"Nora Winter\"},\"url\":\"https:\/\/www.dreyer-weine.de\/site\/author\/n-winter\/\"}]}<\/script>\n<!-- \/ Yoast SEO plugin. -->","yoast_head_json":{"title":"Mandelliebe - das AMETLLA-Projekt - 3er - Exklusive spanische Weine und Tapas","robots":{"index":"index","follow":"follow","max-snippet":"max-snippet:-1","max-image-preview":"max-image-preview:large","max-video-preview":"max-video-preview:-1"},"canonical":"https:\/\/www.dreyer-weine.de\/site\/media\/mandelliebe-das-ametlla-projekt\/","og_locale":"de_DE","og_type":"article","og_title":"Mandelliebe - das AMETLLA-Projekt - 3er - Exklusive spanische Weine und Tapas","og_description":"Hinter dem Projekt steht ein Netzwerk von engagierten Frauen unterschiedlichsten Alters: Eine Psychologin, eine Innenarchitektin, eine Hotelbesitzerin, eine Ern\u00e4hrungsberaterin, eine Universit\u00e4tsdozentin f\u00fcr Geographie, T\u00f6chter, Schwiegert\u00f6chter und Freundinnen, verbunden durch die wunderbare Mandel. Das Produkt Ametlla+ sind zu 80% aus Mandeln bestehende Gew\u00fcrzmischungen, mit denen man &#8211; jedermann &#8211; ein simples Gericht in wenigen Handgriffen gourmetm\u00e4\u00dfig","og_url":"https:\/\/www.dreyer-weine.de\/site\/media\/mandelliebe-das-ametlla-projekt\/","og_site_name":"3er - Exklusive spanische Weine und Tapas","article_published_time":"2015-05-04T12:48:34+00:00","article_modified_time":"2015-07-20T08:35:11+00:00","twitter_card":"summary_large_image","twitter_misc":{"Verfasst von":"Nora Winter","Gesch\u00e4tzte Lesezeit":"1 Minute"},"schema":{"@context":"https:\/\/schema.org","@graph":[{"@type":"WebSite","@id":"https:\/\/www.dreyer-weine.de\/site\/#website","url":"https:\/\/www.dreyer-weine.de\/site\/","name":"3er - Exklusive spanische Weine und Tapas","description":"Willkommen bei Dreyer Weine - ein Zuhause f\u00fcr den guten Geschmack, einzigartig in dieser Kombination.","potentialAction":[{"@type":"SearchAction","target":{"@type":"EntryPoint","urlTemplate":"https:\/\/www.dreyer-weine.de\/site\/?s={search_term_string}"},"query-input":"required name=search_term_string"}],"inLanguage":"de-DE"},{"@type":"WebPage","@id":"https:\/\/www.dreyer-weine.de\/site\/media\/mandelliebe-das-ametlla-projekt\/#webpage","url":"https:\/\/www.dreyer-weine.de\/site\/media\/mandelliebe-das-ametlla-projekt\/","name":"Mandelliebe - das AMETLLA-Projekt - 3er - Exklusive spanische Weine und Tapas","isPartOf":{"@id":"https:\/\/www.dreyer-weine.de\/site\/#website"},"datePublished":"2015-05-04T12:48:34+00:00","dateModified":"2015-07-20T08:35:11+00:00","author":{"@id":"https:\/\/www.dreyer-weine.de\/site\/#\/schema\/person\/16bd58ec374610c4512d64b0e404ed8e"},"breadcrumb":{"@id":"https:\/\/www.dreyer-weine.de\/site\/media\/mandelliebe-das-ametlla-projekt\/#breadcrumb"},"inLanguage":"de-DE","potentialAction":[{"@type":"ReadAction","target":["https:\/\/www.dreyer-weine.de\/site\/media\/mandelliebe-das-ametlla-projekt\/"]}]},{"@type":"BreadcrumbList","@id":"https:\/\/www.dreyer-weine.de\/site\/media\/mandelliebe-das-ametlla-projekt\/#breadcrumb","itemListElement":[{"@type":"ListItem","position":1,"name":"Home","item":"https:\/\/www.dreyer-weine.de\/site\/"},{"@type":"ListItem","position":2,"name":"Mandelliebe &#8211; das AMETLLA-Projekt"}]},{"@type":"Person","@id":"https:\/\/www.dreyer-weine.de\/site\/#\/schema\/person\/16bd58ec374610c4512d64b0e404ed8e","name":"Nora Winter","image":{"@type":"ImageObject","@id":"https:\/\/www.dreyer-weine.de\/site\/#personlogo","inLanguage":"de-DE","url":"https:\/\/secure.gravatar.com\/avatar\/ea7628cac6026c92b8e3090e6d9892f2?s=96&d=mm&r=g","contentUrl":"https:\/\/secure.gravatar.com\/avatar\/ea7628cac6026c92b8e3090e6d9892f2?s=96&d=mm&r=g","caption":"Nora Winter"},"url":"https:\/\/www.dreyer-weine.de\/site\/author\/n-winter\/"}]}},"_links":{"self":[{"href":"https:\/\/www.dreyer-weine.de\/site\/wp-json\/wp\/v2\/posts\/848"}],"collection":[{"href":"https:\/\/www.dreyer-weine.de\/site\/wp-json\/wp\/v2\/posts"}],"about":[{"href":"https:\/\/www.dreyer-weine.de\/site\/wp-json\/wp\/v2\/types\/post"}],"author":[{"embeddable":true,"href":"https:\/\/www.dreyer-weine.de\/site\/wp-json\/wp\/v2\/users\/2"}],"replies":[{"embeddable":true,"href":"https:\/\/www.dreyer-weine.de\/site\/wp-json\/wp\/v2\/comments?post=848"}],"version-history":[{"count":5,"href":"https:\/\/www.dreyer-weine.de\/site\/wp-json\/wp\/v2\/posts\/848\/revisions"}],"predecessor-version":[{"id":1517,"href":"https:\/\/www.dreyer-weine.de\/site\/wp-json\/wp\/v2\/posts\/848\/revisions\/1517"}],"wp:attachment":[{"href":"https:\/\/www.dreyer-weine.de\/site\/wp-json\/wp\/v2\/media?parent=848"}],"wp:term":[{"taxonomy":"category","embeddable":true,"href":"https:\/\/www.dreyer-weine.de\/site\/wp-json\/wp\/v2\/categories?post=848"},{"taxonomy":"post_tag","embeddable":true,"href":"https:\/\/www.dreyer-weine.de\/site\/wp-json\/wp\/v2\/tags?post=848"}],"curies":[{"name":"wp","href":"https:\/\/api.w.org\/{rel}","templated":true}]}}